{"id":142415,"date":"2020-08-14T15:18:33","date_gmt":"2020-08-14T13:18:33","guid":{"rendered":"https:\/\/rightlivelihood.org\/news\/medellin-poetry-festival-webinars\/"},"modified":"2025-08-19T02:44:51","modified_gmt":"2025-08-19T00:44:51","slug":"medellin-poetry-festival-webinars","status":"publish","type":"post","link":"https:\/\/rightlivelihood.org\/es\/news\/medellin-poetry-festival-webinars\/","title":{"rendered":"El Premio Right Livelihood y el Festival de Poes\u00eda de Medell\u00edn celebran juntos sus 40 y 30 an\u0303os"},"content":{"rendered":"\n<p><strong>\u201cDesarme y paz mundial\u201d, \u201cDefensa de la Tierra y la vida\u201d y \u201cTransformaci\u00f3n social a trav\u00e9s de la cultura\u201d son los ejes de debate que reunir\u00e1n a galardonados del Premio Right Livelihood y artistas de todo el mundo en el marco de las celebraciones.<\/strong><\/p>\n\n\n\n<p>De estos encuentros participar\u00e1n laureados del Premio Right Livelihood como el activista antinuclear zeland\u00e9s <a href=\"https:\/\/www.rightlivelihoodaward.org\/laureates\/alyn-ware\/\">Alyn Ware<\/a>, intelectuales como el portugu\u00e9s <a href=\"http:\/\/www.boaventuradesousasantos.pt\/pages\/en\/homepage-templates\/content-master.php\">Boaventura de Sousa Santos<\/a> y artistas como la sudafricana <a href=\"http:\/\/www.gcinamhlophe.co.za\/\">Gcina Mhlophe<\/a>.<\/p>\n\n\n\n<p>Las actividades se enmarcan en la <a href=\"https:\/\/www.festivaldepoesiademedellin.org\/es\/Festival\/30\/Programacion\/\">programaci\u00f3n<\/a> del Festival, que transcurre desde el 1 de agosto y hasta el 10 de octubre, con 200 invitados participando desde m\u00e1s de 100 pa\u00edses. &nbsp;Debido a la pandemia de Covid-19, los festejos por el 40\u00ba aniversario del Premio Right Livelihood que iban a desarrollarse de forma presencial en la 30\u00aa edici\u00f3n del <a href=\"https:\/\/www.festivaldepoesiademedellin.org\/\">Festival Internacional de Poes\u00eda de Medell\u00edn<\/a>, debieron adaptarse enteramente a la virtualidad.<\/p>\n\n\n\n<p>\u201cEsto significa la realizaci\u00f3n del mayor encuentro virtual de artistas en la historia de la cultura, con el alto simbolismo que conlleva una presencia tan vigorosa de poetas en el tiempo de mayor confinamiento humano, para romper el aislamiento y el silencio forzoso de los pueblos\u201d, dijo Fernando Rend\u00f3n, director y cofundador del Festival que naci\u00f3 en 1991 con el prop\u00f3sito de superar la violencia que imperaba por entonces en Colombia.<\/p>\n\n\n\n<p>En 2006, la organizaci\u00f3n <a href=\"https:\/\/www.rightlivelihoodaward.org\/laureates\/festival-internacional-de-poesia-de-medellin\/\">recibi\u00f3 el Right Livelihood Award<\/a> \u00abpor demostrar c\u00f3mo la creatividad, la belleza, la libre expresi\u00f3n y la comunidad pueden florecer y superar el miedo incluso en medio de la violencia m\u00e1s profundamente arraigada\u00bb.<\/p>\n\n\n\n<h3 class=\"wp-block-heading\">Programa<\/h3>\n\n\n\n<p>Todos los paneles se transmitir\u00e1n v\u00eda Facebook: <a href=\"https:\/\/www.facebook.com\/festivalpoesiamed\">@festivalpoesiamed<\/a> y YouTube: <a href=\"https:\/\/www.youtube.com\/user\/revistaprometeo\">revistaprometeo<\/a><\/p>\n\n\n\n<p><strong>Desarme y paz mundial<\/strong><\/p>\n\n\n\n<p>Martes 18 de agosto<br>10:45 COL\/15:45 GMT\/17:45 CET<br>Idioma: Ingl\u00e9s<\/p>\n\n\n\n<p>Bienvenida:<br>Ole von Uexkull (Sweden)<br>Fernando Rend\u00f3n (Colombia)<\/p>\n\n\n\n<p>Participantes:<br>Ulrika Modeer (Suecia)<br>Alyn Ware (Nueva Zelanda)<br>Gcina Mhlophe (Sud\u00e1frica)<\/p>\n\n\n\n<p>Intervenci\u00f3n art\u00edstica: Gcina Mhlophe<\/p>\n\n\n\n<figure class=\"wp-block-image alignright\"><a href=\"https:\/\/www.youtube.com\/user\/revistaprometeo\"><img decoding=\"async\" src=\"https:\/\/www.rightlivelihoodaward.org\/app\/uploads\/2020\/08\/Medellin-general-square_Eng-Final-Square-300x300.png\" alt=\"\" class=\"wp-image-22594\"\/><\/a><\/figure>\n\n\n\n<p>Moderador: Ole von Uexkull, Fundaci\u00f3n Right Livelihood<\/p>\n\n\n\n<p><strong>Defensa de la Tierra y la vida&nbsp;<\/strong><\/p>\n\n\n\n<p>Lunes 24 de agosto<br>10:00 COL\/15:00 GMT\/17:00 CET<br>Idioma: Espa\u00f1ol<\/p>\n\n\n\n<p>Participantes:<br>Fiore Longo (Francia)<br>Francia M\u00e1rquez (Colombia)<br>Ra\u00fal Montenegro (Argentina)<\/p>\n\n\n\n<p>Intervenci\u00f3n art\u00edstica: Marije Langelaar (Pa\u00edses Bajos)<\/p>\n\n\n\n<p>Moderador: Felix Fuders, Right Livelihood College campus Valdivia<\/p>\n\n\n\n<p><strong>Transformaci\u00f3n social a trav\u00e9s de la cultura<\/strong><\/p>\n\n\n\n<p>Mi\u00e9rcoles 2 de septiembre<br>10:00 COL\/15:00 GMT\/17:00 CET<br>Idioma: Espa\u00f1ol<\/p>\n\n\n\n<p>Participantes:<br>Boaventura de Sousa (Portugal)<br>Magdalena Max-Neef (Chile)<br>Freddy \u00d1\u00e1\u00f1ez (Venezuela)<\/p>\n\n\n\n<p>Intervenci\u00f3n art\u00edstica: Freddy \u00d1a\u00f1ez<\/p>\n\n\n\n<p>Moderadora: Nayla Azzinnari, Fundaci\u00f3n Right Livelihood<\/p>\n","protected":false},"excerpt":{"rendered":"<p>\u201cDesarme y paz mundial\u201d, \u201cDefensa de la Tierra y la vida\u201d y \u201cTransformaci\u00f3n social a trav\u00e9s de la cultura\u201d son los ejes de debate que reunir\u00e1n a galardonados del Premio Right Livelihood y artistas de todo el mundo en el marco de las celebraciones. De estos encuentros participar\u00e1n laureados del Premio Right Livelihood como el [&hellip;]<\/p>\n","protected":false},"author":4,"featured_media":142434,"comment_status":"closed","ping_status":"closed","sticky":false,"template":"","format":"standard","meta":{"_acf_changed":false,"give_campaign_id":0,"footnotes":""},"categories":[466,418],"tags":[],"location":[82],"news-type":[386],"topic":[],"the-year":[],"class_list":["post-142415","post","type-post","status-publish","format-standard","has-post-thumbnail","hentry","category-international-poetry-festival-of-medellin-es","category-laureates-es","location-latin-america","news-type-press-releases"],"acf":[],"yoast_head":"<!-- This site is optimized with the Yoast SEO plugin v27.5 - https:\/\/yoast.com\/product\/yoast-seo-wordpress\/ -->\n<title>El Premio Right Livelihood y el Festival de Poes\u00eda de Medell\u00edn celebran juntos sus 40 y 30 an\u0303os - Right Livelihood<\/title>\n<meta name=\"robots\" content=\"index, follow, max-snippet:-1, max-image-preview:large, max-video-preview:-1\" \/>\n<link rel=\"canonical\" href=\"https:\/\/rightlivelihood.org\/es\/news\/medellin-poetry-festival-webinars\/\" \/>\n<meta property=\"og:locale\" content=\"es_ES\" \/>\n<meta property=\"og:type\" content=\"article\" \/>\n<meta property=\"og:title\" content=\"El Premio Right Livelihood y el Festival de Poes\u00eda de Medell\u00edn celebran juntos sus 40 y 30 an\u0303os - Right Livelihood\" \/>\n<meta property=\"og:description\" content=\"\u201cDesarme y paz mundial\u201d, \u201cDefensa de la Tierra y la vida\u201d y \u201cTransformaci\u00f3n social a trav\u00e9s de la cultura\u201d son los ejes de debate que reunir\u00e1n a galardonados del Premio Right Livelihood y artistas de todo el mundo en el marco de las celebraciones. De estos encuentros participar\u00e1n laureados del Premio Right Livelihood como el [&hellip;]\" \/>\n<meta property=\"og:url\" content=\"https:\/\/rightlivelihood.org\/es\/news\/medellin-poetry-festival-webinars\/\" \/>\n<meta property=\"og:site_name\" content=\"Right Livelihood\" \/>\n<meta property=\"article:publisher\" content=\"https:\/\/www.facebook.com\/rightlivelihood\" \/>\n<meta property=\"article:published_time\" content=\"2020-08-14T13:18:33+00:00\" \/>\n<meta property=\"article:modified_time\" content=\"2025-08-19T00:44:51+00:00\" \/>\n<meta property=\"og:image\" content=\"https:\/\/rightlivelihood.org\/wp-content\/uploads\/2020\/08\/Medellin02-spa-sq-16.png\" \/>\n\t<meta property=\"og:image:width\" content=\"2251\" \/>\n\t<meta property=\"og:image:height\" content=\"2251\" \/>\n\t<meta property=\"og:image:type\" content=\"image\/png\" \/>\n<meta name=\"author\" content=\"Right Livelihood Award Communications\" \/>\n<meta name=\"twitter:card\" content=\"summary_large_image\" \/>\n<meta name=\"twitter:creator\" content=\"@rightlivelihood\" \/>\n<meta name=\"twitter:site\" content=\"@rightlivelihood\" \/>\n<script type=\"application\/ld+json\" class=\"yoast-schema-graph\">{\"@context\":\"https:\\\/\\\/schema.org\",\"@graph\":[{\"@type\":\"Article\",\"@id\":\"https:\\\/\\\/rightlivelihood.org\\\/es\\\/news\\\/medellin-poetry-festival-webinars\\\/#article\",\"isPartOf\":{\"@id\":\"https:\\\/\\\/rightlivelihood.org\\\/es\\\/news\\\/medellin-poetry-festival-webinars\\\/\"},\"author\":{\"name\":\"Right Livelihood Award Communications\",\"@id\":\"https:\\\/\\\/rightlivelihood.org\\\/es\\\/#\\\/schema\\\/person\\\/4160847f19f839683b577bdce1ad7327\"},\"headline\":\"El Premio Right Livelihood y el Festival de Poes\u00eda de Medell\u00edn celebran juntos sus 40 y 30 an\u0303os\",\"datePublished\":\"2020-08-14T13:18:33+00:00\",\"dateModified\":\"2025-08-19T00:44:51+00:00\",\"mainEntityOfPage\":{\"@id\":\"https:\\\/\\\/rightlivelihood.org\\\/es\\\/news\\\/medellin-poetry-festival-webinars\\\/\"},\"wordCount\":434,\"publisher\":{\"@id\":\"https:\\\/\\\/rightlivelihood.org\\\/es\\\/#organization\"},\"image\":{\"@id\":\"https:\\\/\\\/rightlivelihood.org\\\/es\\\/news\\\/medellin-poetry-festival-webinars\\\/#primaryimage\"},\"thumbnailUrl\":\"https:\\\/\\\/rightlivelihood.org\\\/wp-content\\\/uploads\\\/2020\\\/08\\\/Medellin02-spa-sq-16.png\",\"articleSection\":[\"International Poetry Festival of Medellin\",\"Laureates\"],\"inLanguage\":\"es\"},{\"@type\":\"WebPage\",\"@id\":\"https:\\\/\\\/rightlivelihood.org\\\/es\\\/news\\\/medellin-poetry-festival-webinars\\\/\",\"url\":\"https:\\\/\\\/rightlivelihood.org\\\/es\\\/news\\\/medellin-poetry-festival-webinars\\\/\",\"name\":\"El Premio Right Livelihood y el Festival de Poes\u00eda de Medell\u00edn celebran juntos sus 40 y 30 an\u0303os - Right Livelihood\",\"isPartOf\":{\"@id\":\"https:\\\/\\\/rightlivelihood.org\\\/es\\\/#website\"},\"primaryImageOfPage\":{\"@id\":\"https:\\\/\\\/rightlivelihood.org\\\/es\\\/news\\\/medellin-poetry-festival-webinars\\\/#primaryimage\"},\"image\":{\"@id\":\"https:\\\/\\\/rightlivelihood.org\\\/es\\\/news\\\/medellin-poetry-festival-webinars\\\/#primaryimage\"},\"thumbnailUrl\":\"https:\\\/\\\/rightlivelihood.org\\\/wp-content\\\/uploads\\\/2020\\\/08\\\/Medellin02-spa-sq-16.png\",\"datePublished\":\"2020-08-14T13:18:33+00:00\",\"dateModified\":\"2025-08-19T00:44:51+00:00\",\"breadcrumb\":{\"@id\":\"https:\\\/\\\/rightlivelihood.org\\\/es\\\/news\\\/medellin-poetry-festival-webinars\\\/#breadcrumb\"},\"inLanguage\":\"es\",\"potentialAction\":[{\"@type\":\"ReadAction\",\"target\":[\"https:\\\/\\\/rightlivelihood.org\\\/es\\\/news\\\/medellin-poetry-festival-webinars\\\/\"]}]},{\"@type\":\"ImageObject\",\"inLanguage\":\"es\",\"@id\":\"https:\\\/\\\/rightlivelihood.org\\\/es\\\/news\\\/medellin-poetry-festival-webinars\\\/#primaryimage\",\"url\":\"https:\\\/\\\/rightlivelihood.org\\\/wp-content\\\/uploads\\\/2020\\\/08\\\/Medellin02-spa-sq-16.png\",\"contentUrl\":\"https:\\\/\\\/rightlivelihood.org\\\/wp-content\\\/uploads\\\/2020\\\/08\\\/Medellin02-spa-sq-16.png\",\"width\":2251,\"height\":2251},{\"@type\":\"BreadcrumbList\",\"@id\":\"https:\\\/\\\/rightlivelihood.org\\\/es\\\/news\\\/medellin-poetry-festival-webinars\\\/#breadcrumb\",\"itemListElement\":[{\"@type\":\"ListItem\",\"position\":1,\"name\":\"Home\",\"item\":\"https:\\\/\\\/rightlivelihood.org\\\/\"},{\"@type\":\"ListItem\",\"position\":2,\"name\":\"News\",\"item\":\"https:\\\/\\\/rightlivelihood.org\\\/es\\\/\\\/news\\\/\"},{\"@type\":\"ListItem\",\"position\":3,\"name\":\"El Premio Right Livelihood y el Festival de Poes\u00eda de Medell\u00edn celebran juntos sus 40 y 30 an\u0303os\"}]},{\"@type\":\"WebSite\",\"@id\":\"https:\\\/\\\/rightlivelihood.org\\\/es\\\/#website\",\"url\":\"https:\\\/\\\/rightlivelihood.org\\\/es\\\/\",\"name\":\"Right Livelihood\",\"description\":\"\",\"publisher\":{\"@id\":\"https:\\\/\\\/rightlivelihood.org\\\/es\\\/#organization\"},\"potentialAction\":[{\"@type\":\"SearchAction\",\"target\":{\"@type\":\"EntryPoint\",\"urlTemplate\":\"https:\\\/\\\/rightlivelihood.org\\\/es\\\/?s={search_term_string}\"},\"query-input\":{\"@type\":\"PropertyValueSpecification\",\"valueRequired\":true,\"valueName\":\"search_term_string\"}}],\"inLanguage\":\"es\"},{\"@type\":\"Organization\",\"@id\":\"https:\\\/\\\/rightlivelihood.org\\\/es\\\/#organization\",\"name\":\"Right Livelihood\",\"url\":\"https:\\\/\\\/rightlivelihood.org\\\/es\\\/\",\"logo\":{\"@type\":\"ImageObject\",\"inLanguage\":\"es\",\"@id\":\"https:\\\/\\\/rightlivelihood.org\\\/es\\\/#\\\/schema\\\/logo\\\/image\\\/\",\"url\":\"https:\\\/\\\/rightlivelihood.org\\\/wp-content\\\/uploads\\\/2024\\\/09\\\/rlh-logo-2-1.svg\",\"contentUrl\":\"https:\\\/\\\/rightlivelihood.org\\\/wp-content\\\/uploads\\\/2024\\\/09\\\/rlh-logo-2-1.svg\",\"caption\":\"Right Livelihood\"},\"image\":{\"@id\":\"https:\\\/\\\/rightlivelihood.org\\\/es\\\/#\\\/schema\\\/logo\\\/image\\\/\"},\"sameAs\":[\"https:\\\/\\\/www.facebook.com\\\/rightlivelihood\",\"https:\\\/\\\/x.com\\\/rightlivelihood\"]},{\"@type\":\"Person\",\"@id\":\"https:\\\/\\\/rightlivelihood.org\\\/es\\\/#\\\/schema\\\/person\\\/4160847f19f839683b577bdce1ad7327\",\"name\":\"Right Livelihood Award Communications\",\"image\":{\"@type\":\"ImageObject\",\"inLanguage\":\"es\",\"@id\":\"https:\\\/\\\/secure.gravatar.com\\\/avatar\\\/c8bf4cb178c89ac02fb7b0edd039ea746db67c2c42069bf40a2e863c6b2321af?s=96&d=mm&r=g\",\"url\":\"https:\\\/\\\/secure.gravatar.com\\\/avatar\\\/c8bf4cb178c89ac02fb7b0edd039ea746db67c2c42069bf40a2e863c6b2321af?s=96&d=mm&r=g\",\"contentUrl\":\"https:\\\/\\\/secure.gravatar.com\\\/avatar\\\/c8bf4cb178c89ac02fb7b0edd039ea746db67c2c42069bf40a2e863c6b2321af?s=96&d=mm&r=g\",\"caption\":\"Right Livelihood Award Communications\"}}]}<\/script>\n<!-- \/ Yoast SEO plugin. -->","yoast_head_json":{"title":"El Premio Right Livelihood y el Festival de Poes\u00eda de Medell\u00edn celebran juntos sus 40 y 30 an\u0303os - Right Livelihood","robots":{"index":"index","follow":"follow","max-snippet":"max-snippet:-1","max-image-preview":"max-image-preview:large","max-video-preview":"max-video-preview:-1"},"canonical":"https:\/\/rightlivelihood.org\/es\/news\/medellin-poetry-festival-webinars\/","og_locale":"es_ES","og_type":"article","og_title":"El Premio Right Livelihood y el Festival de Poes\u00eda de Medell\u00edn celebran juntos sus 40 y 30 an\u0303os - Right Livelihood","og_description":"\u201cDesarme y paz mundial\u201d, \u201cDefensa de la Tierra y la vida\u201d y \u201cTransformaci\u00f3n social a trav\u00e9s de la cultura\u201d son los ejes de debate que reunir\u00e1n a galardonados del Premio Right Livelihood y artistas de todo el mundo en el marco de las celebraciones. De estos encuentros participar\u00e1n laureados del Premio Right Livelihood como el [&hellip;]","og_url":"https:\/\/rightlivelihood.org\/es\/news\/medellin-poetry-festival-webinars\/","og_site_name":"Right Livelihood","article_publisher":"https:\/\/www.facebook.com\/rightlivelihood","article_published_time":"2020-08-14T13:18:33+00:00","article_modified_time":"2025-08-19T00:44:51+00:00","og_image":[{"width":2251,"height":2251,"url":"https:\/\/rightlivelihood.org\/wp-content\/uploads\/2020\/08\/Medellin02-spa-sq-16.png","type":"image\/png"}],"author":"Right Livelihood Award Communications","twitter_card":"summary_large_image","twitter_creator":"@rightlivelihood","twitter_site":"@rightlivelihood","schema":{"@context":"https:\/\/schema.org","@graph":[{"@type":"Article","@id":"https:\/\/rightlivelihood.org\/es\/news\/medellin-poetry-festival-webinars\/#article","isPartOf":{"@id":"https:\/\/rightlivelihood.org\/es\/news\/medellin-poetry-festival-webinars\/"},"author":{"name":"Right Livelihood Award Communications","@id":"https:\/\/rightlivelihood.org\/es\/#\/schema\/person\/4160847f19f839683b577bdce1ad7327"},"headline":"El Premio Right Livelihood y el Festival de Poes\u00eda de Medell\u00edn celebran juntos sus 40 y 30 an\u0303os","datePublished":"2020-08-14T13:18:33+00:00","dateModified":"2025-08-19T00:44:51+00:00","mainEntityOfPage":{"@id":"https:\/\/rightlivelihood.org\/es\/news\/medellin-poetry-festival-webinars\/"},"wordCount":434,"publisher":{"@id":"https:\/\/rightlivelihood.org\/es\/#organization"},"image":{"@id":"https:\/\/rightlivelihood.org\/es\/news\/medellin-poetry-festival-webinars\/#primaryimage"},"thumbnailUrl":"https:\/\/rightlivelihood.org\/wp-content\/uploads\/2020\/08\/Medellin02-spa-sq-16.png","articleSection":["International Poetry Festival of Medellin","Laureates"],"inLanguage":"es"},{"@type":"WebPage","@id":"https:\/\/rightlivelihood.org\/es\/news\/medellin-poetry-festival-webinars\/","url":"https:\/\/rightlivelihood.org\/es\/news\/medellin-poetry-festival-webinars\/","name":"El Premio Right Livelihood y el Festival de Poes\u00eda de Medell\u00edn celebran juntos sus 40 y 30 an\u0303os - Right Livelihood","isPartOf":{"@id":"https:\/\/rightlivelihood.org\/es\/#website"},"primaryImageOfPage":{"@id":"https:\/\/rightlivelihood.org\/es\/news\/medellin-poetry-festival-webinars\/#primaryimage"},"image":{"@id":"https:\/\/rightlivelihood.org\/es\/news\/medellin-poetry-festival-webinars\/#primaryimage"},"thumbnailUrl":"https:\/\/rightlivelihood.org\/wp-content\/uploads\/2020\/08\/Medellin02-spa-sq-16.png","datePublished":"2020-08-14T13:18:33+00:00","dateModified":"2025-08-19T00:44:51+00:00","breadcrumb":{"@id":"https:\/\/rightlivelihood.org\/es\/news\/medellin-poetry-festival-webinars\/#breadcrumb"},"inLanguage":"es","potentialAction":[{"@type":"ReadAction","target":["https:\/\/rightlivelihood.org\/es\/news\/medellin-poetry-festival-webinars\/"]}]},{"@type":"ImageObject","inLanguage":"es","@id":"https:\/\/rightlivelihood.org\/es\/news\/medellin-poetry-festival-webinars\/#primaryimage","url":"https:\/\/rightlivelihood.org\/wp-content\/uploads\/2020\/08\/Medellin02-spa-sq-16.png","contentUrl":"https:\/\/rightlivelihood.org\/wp-content\/uploads\/2020\/08\/Medellin02-spa-sq-16.png","width":2251,"height":2251},{"@type":"BreadcrumbList","@id":"https:\/\/rightlivelihood.org\/es\/news\/medellin-poetry-festival-webinars\/#breadcrumb","itemListElement":[{"@type":"ListItem","position":1,"name":"Home","item":"https:\/\/rightlivelihood.org\/"},{"@type":"ListItem","position":2,"name":"News","item":"https:\/\/rightlivelihood.org\/es\/\/news\/"},{"@type":"ListItem","position":3,"name":"El Premio Right Livelihood y el Festival de Poes\u00eda de Medell\u00edn celebran juntos sus 40 y 30 an\u0303os"}]},{"@type":"WebSite","@id":"https:\/\/rightlivelihood.org\/es\/#website","url":"https:\/\/rightlivelihood.org\/es\/","name":"Right Livelihood","description":"","publisher":{"@id":"https:\/\/rightlivelihood.org\/es\/#organization"},"potentialAction":[{"@type":"SearchAction","target":{"@type":"EntryPoint","urlTemplate":"https:\/\/rightlivelihood.org\/es\/?s={search_term_string}"},"query-input":{"@type":"PropertyValueSpecification","valueRequired":true,"valueName":"search_term_string"}}],"inLanguage":"es"},{"@type":"Organization","@id":"https:\/\/rightlivelihood.org\/es\/#organization","name":"Right Livelihood","url":"https:\/\/rightlivelihood.org\/es\/","logo":{"@type":"ImageObject","inLanguage":"es","@id":"https:\/\/rightlivelihood.org\/es\/#\/schema\/logo\/image\/","url":"https:\/\/rightlivelihood.org\/wp-content\/uploads\/2024\/09\/rlh-logo-2-1.svg","contentUrl":"https:\/\/rightlivelihood.org\/wp-content\/uploads\/2024\/09\/rlh-logo-2-1.svg","caption":"Right Livelihood"},"image":{"@id":"https:\/\/rightlivelihood.org\/es\/#\/schema\/logo\/image\/"},"sameAs":["https:\/\/www.facebook.com\/rightlivelihood","https:\/\/x.com\/rightlivelihood"]},{"@type":"Person","@id":"https:\/\/rightlivelihood.org\/es\/#\/schema\/person\/4160847f19f839683b577bdce1ad7327","name":"Right Livelihood Award Communications","image":{"@type":"ImageObject","inLanguage":"es","@id":"https:\/\/secure.gravatar.com\/avatar\/c8bf4cb178c89ac02fb7b0edd039ea746db67c2c42069bf40a2e863c6b2321af?s=96&d=mm&r=g","url":"https:\/\/secure.gravatar.com\/avatar\/c8bf4cb178c89ac02fb7b0edd039ea746db67c2c42069bf40a2e863c6b2321af?s=96&d=mm&r=g","contentUrl":"https:\/\/secure.gravatar.com\/avatar\/c8bf4cb178c89ac02fb7b0edd039ea746db67c2c42069bf40a2e863c6b2321af?s=96&d=mm&r=g","caption":"Right Livelihood Award Communications"}}]}},"_links":{"self":[{"href":"https:\/\/rightlivelihood.org\/es\/wp-json\/wp\/v2\/posts\/142415","targetHints":{"allow":["GET"]}}],"collection":[{"href":"https:\/\/rightlivelihood.org\/es\/wp-json\/wp\/v2\/posts"}],"about":[{"href":"https:\/\/rightlivelihood.org\/es\/wp-json\/wp\/v2\/types\/post"}],"author":[{"embeddable":true,"href":"https:\/\/rightlivelihood.org\/es\/wp-json\/wp\/v2\/users\/4"}],"replies":[{"embeddable":true,"href":"https:\/\/rightlivelihood.org\/es\/wp-json\/wp\/v2\/comments?post=142415"}],"version-history":[{"count":2,"href":"https:\/\/rightlivelihood.org\/es\/wp-json\/wp\/v2\/posts\/142415\/revisions"}],"predecessor-version":[{"id":142425,"href":"https:\/\/rightlivelihood.org\/es\/wp-json\/wp\/v2\/posts\/142415\/revisions\/142425"}],"wp:featuredmedia":[{"embeddable":true,"href":"https:\/\/rightlivelihood.org\/es\/wp-json\/wp\/v2\/media\/142434"}],"wp:attachment":[{"href":"https:\/\/rightlivelihood.org\/es\/wp-json\/wp\/v2\/media?parent=142415"}],"wp:term":[{"taxonomy":"category","embeddable":true,"href":"https:\/\/rightlivelihood.org\/es\/wp-json\/wp\/v2\/categories?post=142415"},{"taxonomy":"post_tag","embeddable":true,"href":"https:\/\/rightlivelihood.org\/es\/wp-json\/wp\/v2\/tags?post=142415"},{"taxonomy":"location","embeddable":true,"href":"https:\/\/rightlivelihood.org\/es\/wp-json\/wp\/v2\/location?post=142415"},{"taxonomy":"news-type","embeddable":true,"href":"https:\/\/rightlivelihood.org\/es\/wp-json\/wp\/v2\/news-type?post=142415"},{"taxonomy":"topic","embeddable":true,"href":"https:\/\/rightlivelihood.org\/es\/wp-json\/wp\/v2\/topic?post=142415"},{"taxonomy":"the-year","embeddable":true,"href":"https:\/\/rightlivelihood.org\/es\/wp-json\/wp\/v2\/the-year?post=142415"}],"curies":[{"name":"wp","href":"https:\/\/api.w.org\/{rel}","templated":true}]}}